{"id":22191,"date":"2020-07-06T06:15:54","date_gmt":"2020-07-06T05:15:54","guid":{"rendered":"http:\/\/www.pou-novska.hr\/?p=22191"},"modified":"2020-07-25T19:44:52","modified_gmt":"2020-07-25T18:44:52","slug":"izlozba-tragovima-proslosti","status":"publish","type":"post","link":"https:\/\/www.pou-novska.hr\/?p=22191","title":{"rendered":"IZLO\u017dBA: Tragovima pro\u0161losti"},"content":{"rendered":"\n<p><\/p>\n\n\n\n<p>Povodom 100. obljetnice mjesta Sigetac, pozivamo Vas na izlo\u017ebu fotografija &#8220;Tragovima pro\u0161losti &#8211; 100. obljetnice mjesta Sigetac&#8221;. <\/p>\n\n\n\n<p>Otvorenje izlo\u017ebe \u0107e se odr\u017eati u \u010detvrtak, 9. srpnja u 19 sati u galeriji POU Novska. <\/p>\n\n\n\n<figure class=\"wp-block-image size-large\"><img loading=\"lazy\" decoding=\"async\" width=\"1024\" height=\"436\" src=\"http:\/\/www.pou-novska.hr\/wp-content\/uploads\/2020\/07\/Tragovima-pros\u030closti-POZIVNICA-1024x436.jpg\" alt=\"\" class=\"wp-image-22192\" srcset=\"https:\/\/www.pou-novska.hr\/wp-content\/uploads\/2020\/07\/Tragovima-pros\u030closti-POZIVNICA-1024x436.jpg 1024w, https:\/\/www.pou-novska.hr\/wp-content\/uploads\/2020\/07\/Tragovima-pros\u030closti-POZIVNICA-300x128.jpg 300w, https:\/\/www.pou-novska.hr\/wp-content\/uploads\/2020\/07\/Tragovima-pros\u030closti-POZIVNICA-768x327.jpg 768w, https:\/\/www.pou-novska.hr\/wp-content\/uploads\/2020\/07\/Tragovima-pros\u030closti-POZIVNICA-1536x654.jpg 1536w, https:\/\/www.pou-novska.hr\/wp-content\/uploads\/2020\/07\/Tragovima-pros\u030closti-POZIVNICA-110x47.jpg 110w, https:\/\/www.pou-novska.hr\/wp-content\/uploads\/2020\/07\/Tragovima-pros\u030closti-POZIVNICA-420x179.jpg 420w, https:\/\/www.pou-novska.hr\/wp-content\/uploads\/2020\/07\/Tragovima-pros\u030closti-POZIVNICA-770x328.jpg 770w, https:\/\/www.pou-novska.hr\/wp-content\/uploads\/2020\/07\/Tragovima-pros\u030closti-POZIVNICA.jpg 1920w\" sizes=\"auto, (max-width: 1024px) 100vw, 1024px\" \/><\/figure>\n","protected":false},"excerpt":{"rendered":"<p>Povodom 100. obljetnice mjesta Sigetac, pozivamo Vas na izlo\u017ebu fotografija \u201cTragovima pro\u0161losti \u2013 100. obljetnice mjesta Sigetac\u201d. <\/p>\n<p>Otvorenje izlo\u017ebe \u0107e se odr\u017eati u \u010detvrtak, 9. srpnja u 19 sati u galeriji POU Novska. <\/p>\n","protected":false},"author":1,"featured_media":22192,"comment_status":"closed","ping_status":"closed","sticky":false,"template":"","format":"standard","meta":{"footnotes":""},"categories":[14],"tags":[],"class_list":["post-22191","post","type-post","status-publish","format-standard","has-post-thumbnail","hentry","category-arhiva"],"_links":{"self":[{"href":"https:\/\/www.pou-novska.hr\/index.php?rest_route=\/wp\/v2\/posts\/22191","targetHints":{"allow":["GET"]}}],"collection":[{"href":"https:\/\/www.pou-novska.hr\/index.php?rest_route=\/wp\/v2\/posts"}],"about":[{"href":"https:\/\/www.pou-novska.hr\/index.php?rest_route=\/wp\/v2\/types\/post"}],"author":[{"embeddable":true,"href":"https:\/\/www.pou-novska.hr\/index.php?rest_route=\/wp\/v2\/users\/1"}],"replies":[{"embeddable":true,"href":"https:\/\/www.pou-novska.hr\/index.php?rest_route=%2Fwp%2Fv2%2Fcomments&post=22191"}],"version-history":[{"count":4,"href":"https:\/\/www.pou-novska.hr\/index.php?rest_route=\/wp\/v2\/posts\/22191\/revisions"}],"predecessor-version":[{"id":22196,"href":"https:\/\/www.pou-novska.hr\/index.php?rest_route=\/wp\/v2\/posts\/22191\/revisions\/22196"}],"wp:featuredmedia":[{"embeddable":true,"href":"https:\/\/www.pou-novska.hr\/index.php?rest_route=\/wp\/v2\/media\/22192"}],"wp:attachment":[{"href":"https:\/\/www.pou-novska.hr\/index.php?rest_route=%2Fwp%2Fv2%2Fmedia&parent=22191"}],"wp:term":[{"taxonomy":"category","embeddable":true,"href":"https:\/\/www.pou-novska.hr\/index.php?rest_route=%2Fwp%2Fv2%2Fcategories&post=22191"},{"taxonomy":"post_tag","embeddable":true,"href":"https:\/\/www.pou-novska.hr\/index.php?rest_route=%2Fwp%2Fv2%2Ftags&post=22191"}],"curies":[{"name":"wp","href":"https:\/\/api.w.org\/{rel}","templated":true}]}}