{"id":24030,"date":"2022-03-08T08:44:42","date_gmt":"2022-03-08T07:44:42","guid":{"rendered":"http:\/\/www.pou-novska.hr\/?p=24030"},"modified":"2022-03-14T09:32:58","modified_gmt":"2022-03-14T08:32:58","slug":"8-zenijalni-dani","status":"publish","type":"post","link":"https:\/\/www.pou-novska.hr\/?p=24030","title":{"rendered":"8. \u017dENIJALNI DANI"},"content":{"rendered":"\n<p><br>Hrvatska mre\u017ea neovisnih kinoprikaziva\u010da u sklopu programa \u017denijalni dani koji \u0107e se odr\u017eati u 22 kina diljem Hrvatske donosi \u017eenske pri\u010de koje nikako ne smijete propustiti. Gledatelji \u0107e tako imati priliku pogledati izvrsne i nagra\u0111ivane filmske naslove o sna\u017enim \u017eenama i izazovima s kojima se susre\u0107u u dana\u0161njem dru\u0161tvu. Ovogodi\u0161nji program \u017denijalnih dana odvija se u partnerstvu s Francuskim institutom u Hrvatskoj.<\/p>\n\n\n\n<figure class=\"wp-block-image size-large\"><a href=\"http:\/\/www.pou-novska.hr\/wp-content\/uploads\/2022\/03\/zenijalni-dani-2022.jpg\"><img loading=\"lazy\" decoding=\"async\" width=\"1024\" height=\"576\" src=\"http:\/\/www.pou-novska.hr\/wp-content\/uploads\/2022\/03\/zenijalni-dani-2022-1024x576.jpg\" alt=\"\" class=\"wp-image-24031\" srcset=\"https:\/\/www.pou-novska.hr\/wp-content\/uploads\/2022\/03\/zenijalni-dani-2022-1024x576.jpg 1024w, https:\/\/www.pou-novska.hr\/wp-content\/uploads\/2022\/03\/zenijalni-dani-2022-300x169.jpg 300w, https:\/\/www.pou-novska.hr\/wp-content\/uploads\/2022\/03\/zenijalni-dani-2022-768x432.jpg 768w, https:\/\/www.pou-novska.hr\/wp-content\/uploads\/2022\/03\/zenijalni-dani-2022-1536x864.jpg 1536w, https:\/\/www.pou-novska.hr\/wp-content\/uploads\/2022\/03\/zenijalni-dani-2022-110x62.jpg 110w, https:\/\/www.pou-novska.hr\/wp-content\/uploads\/2022\/03\/zenijalni-dani-2022-420x236.jpg 420w, https:\/\/www.pou-novska.hr\/wp-content\/uploads\/2022\/03\/zenijalni-dani-2022-764x430.jpg 764w, https:\/\/www.pou-novska.hr\/wp-content\/uploads\/2022\/03\/zenijalni-dani-2022.jpg 1920w\" sizes=\"auto, (max-width: 1024px) 100vw, 1024px\" \/><\/a><\/figure>\n\n\n\n<p><\/p>\n\n\n\n<p>U sklopu 8. \u017denijalni dana Kino Novska vam donosi besplatnu projekciju animiranog filma <a href=\"http:\/\/www.pou-novska.hr\/?p=24037\">CALAMITY u petak 11. o\u017eujka u 18 sati.<\/a><\/p>\n\n\n\n<div class=\"wp-block-image\"><figure class=\"alignleft size-large is-resized\"><a href=\"http:\/\/www.pou-novska.hr\/wp-content\/uploads\/2022\/03\/calamity-original-movie-poster-15x21-in-2020-re\u0301mi-chaye\u0301-santiago-barban-1.jpeg\"><img loading=\"lazy\" decoding=\"async\" src=\"http:\/\/www.pou-novska.hr\/wp-content\/uploads\/2022\/03\/calamity-original-movie-poster-15x21-in-2020-re\u0301mi-chaye\u0301-santiago-barban-1-757x1024.jpeg\" alt=\"FILM: CALAMITY\" class=\"wp-image-24033\" width=\"297\" height=\"402\" srcset=\"https:\/\/www.pou-novska.hr\/wp-content\/uploads\/2022\/03\/calamity-original-movie-poster-15x21-in-2020-re\u0301mi-chaye\u0301-santiago-barban-1-757x1024.jpeg 757w, https:\/\/www.pou-novska.hr\/wp-content\/uploads\/2022\/03\/calamity-original-movie-poster-15x21-in-2020-re\u0301mi-chaye\u0301-santiago-barban-1-222x300.jpeg 222w, https:\/\/www.pou-novska.hr\/wp-content\/uploads\/2022\/03\/calamity-original-movie-poster-15x21-in-2020-re\u0301mi-chaye\u0301-santiago-barban-1-768x1039.jpeg 768w, https:\/\/www.pou-novska.hr\/wp-content\/uploads\/2022\/03\/calamity-original-movie-poster-15x21-in-2020-re\u0301mi-chaye\u0301-santiago-barban-1-81x110.jpeg 81w, https:\/\/www.pou-novska.hr\/wp-content\/uploads\/2022\/03\/calamity-original-movie-poster-15x21-in-2020-re\u0301mi-chaye\u0301-santiago-barban-1-310x420.jpeg 310w, https:\/\/www.pou-novska.hr\/wp-content\/uploads\/2022\/03\/calamity-original-movie-poster-15x21-in-2020-re\u0301mi-chaye\u0301-santiago-barban-1-318x430.jpeg 318w, https:\/\/www.pou-novska.hr\/wp-content\/uploads\/2022\/03\/calamity-original-movie-poster-15x21-in-2020-re\u0301mi-chaye\u0301-santiago-barban-1.jpeg 883w\" sizes=\"auto, (max-width: 297px) 100vw, 297px\" \/><\/a><figcaption>FILM: CALAMITY<\/figcaption><\/figure><\/div>\n\n\n\n<p>Godina je 1863. u Sjedinjenim Ameri\u010dkim Dr\u017eavama. Dvanaestogodi\u0161nja Martha Jane i njezina obitelj kre\u0107u na zapad velikim natkrivenim kolima u potrazi za boljim \u017eivotom. <\/p>\n\n\n\n<p>Kada se otac Marthe Jane ozlijedi u ozbiljnoj nesre\u0107i, ona preuzme brigu o bra\u0107i i sestrama i nau\u010di voziti obiteljska kola. Nikada jo\u0161 nije osje\u0107ala takvu slobodu. Krajnje prakti\u010dna i odva\u017ena, Martha Jane po\u010dne se odijevati kao de\u010dko i postaje sve problemati\u010dnija za zajednicu zbog svoje hrabrosti i rje\u010divosti. <\/p>\n\n\n\n<p>Kada je vo\u0111a konvoja nepravedno optu\u017ei za kra\u0111u, ona bje\u017ei kako bi dokazala svoju nevinost. U divljini otkriva sebe i svijet koji je obilje\u017eava te potvr\u0111uje svoju jedinstvenu li\u010dnost\u2026 otkrivaju\u0107i mitsku i pomalo tajanstvenu Calamity Jane.&nbsp;<\/p>\n\n\n\n<p><br>Animirani film&nbsp;Calamity&nbsp;prikazan je na mnogobrojnim svjetskim festivalima diljem svijeta i pritom je osvojio pregr\u0161t nagrada. Re\u017eiju potpisuje vrsni filma\u0161&nbsp;R\u00e9mi Chay\u00e9&nbsp;\u010diji smo animatorski rad mogli prethodno pogledati u&nbsp;Tajni Kellsa,&nbsp;Slici&nbsp;i&nbsp;Kerity, ku\u0107a bajki.&nbsp;<\/p>\n\n\n\n<p><\/p>\n\n\n\n<p><\/p>\n","protected":false},"excerpt":{"rendered":"<p>Hrvatska mre\u017ea neovisnih kinoprikaziva\u010da u sklopu programa \u017denijalni dani koji \u0107e se odr\u017eati u 22 kina diljem Hrvatske donosi \u017eenske pri\u010de koje nikako ne smijete propustiti. Gledatelji \u0107e tako imati priliku pogledati izvrsne i nagra\u0111ivane filmske naslove o sna\u017enim \u017eenama i izazovima s kojima se susre\u0107u u dana\u0161njem dru\u0161tvu. Ovogodi\u0161nji program \u017denijalnih dana odvija se [&hellip;]<\/p>\n","protected":false},"author":1,"featured_media":24031,"comment_status":"closed","ping_status":"closed","sticky":false,"template":"","format":"standard","meta":{"footnotes":""},"categories":[12,14],"tags":[],"class_list":["post-24030","post","type-post","status-publish","format-standard","has-post-thumbnail","hentry","category-ostala_dogadjanja","category-arhiva"],"_links":{"self":[{"href":"https:\/\/www.pou-novska.hr\/index.php?rest_route=\/wp\/v2\/posts\/24030","targetHints":{"allow":["GET"]}}],"collection":[{"href":"https:\/\/www.pou-novska.hr\/index.php?rest_route=\/wp\/v2\/posts"}],"about":[{"href":"https:\/\/www.pou-novska.hr\/index.php?rest_route=\/wp\/v2\/types\/post"}],"author":[{"embeddable":true,"href":"https:\/\/www.pou-novska.hr\/index.php?rest_route=\/wp\/v2\/users\/1"}],"replies":[{"embeddable":true,"href":"https:\/\/www.pou-novska.hr\/index.php?rest_route=%2Fwp%2Fv2%2Fcomments&post=24030"}],"version-history":[{"count":4,"href":"https:\/\/www.pou-novska.hr\/index.php?rest_route=\/wp\/v2\/posts\/24030\/revisions"}],"predecessor-version":[{"id":24039,"href":"https:\/\/www.pou-novska.hr\/index.php?rest_route=\/wp\/v2\/posts\/24030\/revisions\/24039"}],"wp:featuredmedia":[{"embeddable":true,"href":"https:\/\/www.pou-novska.hr\/index.php?rest_route=\/wp\/v2\/media\/24031"}],"wp:attachment":[{"href":"https:\/\/www.pou-novska.hr\/index.php?rest_route=%2Fwp%2Fv2%2Fmedia&parent=24030"}],"wp:term":[{"taxonomy":"category","embeddable":true,"href":"https:\/\/www.pou-novska.hr\/index.php?rest_route=%2Fwp%2Fv2%2Fcategories&post=24030"},{"taxonomy":"post_tag","embeddable":true,"href":"https:\/\/www.pou-novska.hr\/index.php?rest_route=%2Fwp%2Fv2%2Ftags&post=24030"}],"curies":[{"name":"wp","href":"https:\/\/api.w.org\/{rel}","templated":true}]}}