{"id":24644,"date":"2022-06-07T11:52:18","date_gmt":"2022-06-07T10:52:18","guid":{"rendered":"http:\/\/www.pou-novska.hr\/?p=24644"},"modified":"2022-06-21T11:18:17","modified_gmt":"2022-06-21T10:18:17","slug":"izlozba-oglavlja-iz-fundusa-muzeja-moslavine-kutina","status":"publish","type":"post","link":"https:\/\/www.pou-novska.hr\/?p=24644","title":{"rendered":"Izlo\u017eba \u201cOglavlja iz fundusa Muzeja Moslavine Kutina\u201d"},"content":{"rendered":"\n<figure class=\"wp-block-image size-large\"><a href=\"http:\/\/www.pou-novska.hr\/wp-content\/uploads\/2022\/06\/Oglavlja-pozivnica-Novska-1aa1212.jpg\"><img loading=\"lazy\" decoding=\"async\" width=\"1024\" height=\"506\" src=\"http:\/\/www.pou-novska.hr\/wp-content\/uploads\/2022\/06\/Oglavlja-pozivnica-Novska-1aa1212-1024x506.jpg\" alt=\"\" class=\"wp-image-24641\" srcset=\"https:\/\/www.pou-novska.hr\/wp-content\/uploads\/2022\/06\/Oglavlja-pozivnica-Novska-1aa1212-1024x506.jpg 1024w, https:\/\/www.pou-novska.hr\/wp-content\/uploads\/2022\/06\/Oglavlja-pozivnica-Novska-1aa1212-300x148.jpg 300w, https:\/\/www.pou-novska.hr\/wp-content\/uploads\/2022\/06\/Oglavlja-pozivnica-Novska-1aa1212-768x380.jpg 768w, https:\/\/www.pou-novska.hr\/wp-content\/uploads\/2022\/06\/Oglavlja-pozivnica-Novska-1aa1212-1536x760.jpg 1536w, https:\/\/www.pou-novska.hr\/wp-content\/uploads\/2022\/06\/Oglavlja-pozivnica-Novska-1aa1212-2048x1013.jpg 2048w, https:\/\/www.pou-novska.hr\/wp-content\/uploads\/2022\/06\/Oglavlja-pozivnica-Novska-1aa1212-110x54.jpg 110w, https:\/\/www.pou-novska.hr\/wp-content\/uploads\/2022\/06\/Oglavlja-pozivnica-Novska-1aa1212-420x208.jpg 420w, https:\/\/www.pou-novska.hr\/wp-content\/uploads\/2022\/06\/Oglavlja-pozivnica-Novska-1aa1212-770x381.jpg 770w\" sizes=\"auto, (max-width: 1024px) 100vw, 1024px\" \/><\/a><\/figure>\n\n\n\n<p>Autorica teksta i izlo\u017ebe:&nbsp;<strong>Silvija Kantoli\u0107<\/strong><\/p>\n\n\n\n<p>Pod pojmom oglavlja podrazumijeva se sve ono \u0161to se odnosi na pokrivanje glave kao sredstvo za\u0161tite od hladno\u0107e te frizure, ukra\u0161avanje kose i glave. Na\u010dini pokrivanja glave, oblici, boje, materijali i na\u010dini izrade pokrivala govore o razli\u010ditim statusnim, gospodarskim, vjerskim, dru\u0161tvenim i politi\u010dkim stanjima u kojima su se nalazili sela i pojedinci u odre\u0111enom vremenskom i \u017eivotnom periodu, ona su izraz njegove kulture i pona\u0161anja.<\/p>\n\n\n\n<p>Upravo je ta tema povod ovoj izlo\u017ebi kojom autorica \u017eeli javnosti predstaviti predmete koji se ne vide \u010desto i vrlo su vrijedna gra\u0111a i sastavni dio fundusa Muzeja Moslavine Kutina.<\/p>\n\n\n\n<p>Izlo\u017eba \u0107e biti otvorena za posjetitelje Muzejske zavi\u010dajne zbirke i galerije Pu\u010dkog otvorenog u\u010dili\u0161ta od&nbsp;<strong>14. do 25. lipnja 2022. godine.<\/strong><\/p>\n","protected":false},"excerpt":{"rendered":"<p>Autorica teksta i izlo\u017ebe:&nbsp;Silvija Kantoli\u0107 Pod pojmom oglavlja podrazumijeva se sve ono \u0161to se odnosi na pokrivanje glave kao sredstvo za\u0161tite od hladno\u0107e te frizure, ukra\u0161avanje kose i glave. Na\u010dini pokrivanja glave, oblici, boje, materijali i na\u010dini izrade pokrivala govore o razli\u010ditim statusnim, gospodarskim, vjerskim, dru\u0161tvenim i politi\u010dkim stanjima u kojima su se nalazili sela [&hellip;]<\/p>\n","protected":false},"author":1,"featured_media":24641,"comment_status":"closed","ping_status":"closed","sticky":false,"template":"","format":"standard","meta":{"footnotes":""},"categories":[14],"tags":[24,25,26],"class_list":["post-24644","post","type-post","status-publish","format-standard","has-post-thumbnail","hentry","category-arhiva","tag-etnologija","tag-oglavlja","tag-izlozba"],"_links":{"self":[{"href":"https:\/\/www.pou-novska.hr\/index.php?rest_route=\/wp\/v2\/posts\/24644","targetHints":{"allow":["GET"]}}],"collection":[{"href":"https:\/\/www.pou-novska.hr\/index.php?rest_route=\/wp\/v2\/posts"}],"about":[{"href":"https:\/\/www.pou-novska.hr\/index.php?rest_route=\/wp\/v2\/types\/post"}],"author":[{"embeddable":true,"href":"https:\/\/www.pou-novska.hr\/index.php?rest_route=\/wp\/v2\/users\/1"}],"replies":[{"embeddable":true,"href":"https:\/\/www.pou-novska.hr\/index.php?rest_route=%2Fwp%2Fv2%2Fcomments&post=24644"}],"version-history":[{"count":2,"href":"https:\/\/www.pou-novska.hr\/index.php?rest_route=\/wp\/v2\/posts\/24644\/revisions"}],"predecessor-version":[{"id":24649,"href":"https:\/\/www.pou-novska.hr\/index.php?rest_route=\/wp\/v2\/posts\/24644\/revisions\/24649"}],"wp:featuredmedia":[{"embeddable":true,"href":"https:\/\/www.pou-novska.hr\/index.php?rest_route=\/wp\/v2\/media\/24641"}],"wp:attachment":[{"href":"https:\/\/www.pou-novska.hr\/index.php?rest_route=%2Fwp%2Fv2%2Fmedia&parent=24644"}],"wp:term":[{"taxonomy":"category","embeddable":true,"href":"https:\/\/www.pou-novska.hr\/index.php?rest_route=%2Fwp%2Fv2%2Fcategories&post=24644"},{"taxonomy":"post_tag","embeddable":true,"href":"https:\/\/www.pou-novska.hr\/index.php?rest_route=%2Fwp%2Fv2%2Ftags&post=24644"}],"curies":[{"name":"wp","href":"https:\/\/api.w.org\/{rel}","templated":true}]}}