{"id":24762,"date":"2022-06-24T13:08:55","date_gmt":"2022-06-24T12:08:55","guid":{"rendered":"http:\/\/www.pou-novska.hr\/?p=24762"},"modified":"2022-07-24T09:13:23","modified_gmt":"2022-07-24T08:13:23","slug":"malci-2-kako-je-gru-postao-gru","status":"publish","type":"post","link":"https:\/\/www.pou-novska.hr\/?p=24762","title":{"rendered":"Malci 2: Kako je Gru postao Gru"},"content":{"rendered":"\n<p><br>SUBOTA: 23. SRPNJA: 18 sati<br>NEDJELJA: 24. SRPNJA: 18 sati<\/p>\n\n\n\n<p>ANIMIRANI. SINKRONIZIRANO NA HRVATSKI.<br>CIJENA: 20kn<br><a href=\"http:\/\/www.pou-novska.hr\/?page_id=23279\">REZERVACIJE<\/a><\/p>\n\n\n\n<div class=\"wp-block-image\"><figure class=\"alignleft size-full is-resized\"><a href=\"http:\/\/www.pou-novska.hr\/wp-content\/uploads\/2022\/06\/16.5.2022_13_58_17_Minions_2_HR_zadnji.jpg\"><img loading=\"lazy\" decoding=\"async\" src=\"http:\/\/www.pou-novska.hr\/wp-content\/uploads\/2022\/06\/16.5.2022_13_58_17_Minions_2_HR_zadnji.jpg\" alt=\"Malci 2\" class=\"wp-image-24763\" width=\"300\" height=\"432\" srcset=\"https:\/\/www.pou-novska.hr\/wp-content\/uploads\/2022\/06\/16.5.2022_13_58_17_Minions_2_HR_zadnji.jpg 500w, https:\/\/www.pou-novska.hr\/wp-content\/uploads\/2022\/06\/16.5.2022_13_58_17_Minions_2_HR_zadnji-209x300.jpg 209w, https:\/\/www.pou-novska.hr\/wp-content\/uploads\/2022\/06\/16.5.2022_13_58_17_Minions_2_HR_zadnji-76x110.jpg 76w, https:\/\/www.pou-novska.hr\/wp-content\/uploads\/2022\/06\/16.5.2022_13_58_17_Minions_2_HR_zadnji-292x420.jpg 292w, https:\/\/www.pou-novska.hr\/wp-content\/uploads\/2022\/06\/16.5.2022_13_58_17_Minions_2_HR_zadnji-299x430.jpg 299w\" sizes=\"auto, (max-width: 300px) 100vw, 300px\" \/><\/a><figcaption>Malci 2<\/figcaption><\/figure><\/div>\n\n\n\n<p>Ovog ljeta, mali \u017euta bi\u0107a Malci, vra\u0107aju se u kina! U drugom nastavku pratimo 12 godi\u0161njeg Grua koji je na tragu da postane najve\u0107i zlikovac svih vremena a na tom putu svesrdno mu poma\u017eu mali \u017euti prijatelji u drugom nastavku Malaca pod nazivom Malci 2: Kako je Gru postao Gru.<\/p>\n\n\n\n<p>Sredinom 70-tih godina pro\u0161log stolje\u0107a 12 godi\u0161nji Gru odrasta u predgra\u0111u i ma\u0161ta o svojoj zlo\u010dina\u010dkoj karijeri. Kao veliki ljubitelj superzle supergrupe Evil 6 ima plan kako da im se pridru\u017ei. Zajedno sa svojim vjernim Malcima te prinovom, Ottom malcem s zubnom protezom, gradi svoj prvi brlog i zavr\u0161avaju svoj prvi zlo\u010dina\u010dki zadatak. Pristupanje Evil 6 grupi ne prolazi bez problema i Gru ubrzo postaje njihov glavni neprijatelj.<\/p>\n\n\n\n<p>Malci 2: Kako je Gru postao Gru, isto kao i prvi dio, obiluje humorom, referencama na popularnu pop kulturu, muzikom, akcijom i \u2026\u2026Malcima.<\/p>\n\n\n\n<p>Kreativni tim iz prvog nastavka Malaca ponovno se okupio i na snimanju novog nastavka.<\/p>\n\n\n\n<p>IZVORNO IME: Minions: The Rise of Gru<br>REDATELJ: Kyle Balda&nbsp;&nbsp;|&nbsp;&nbsp;\u017dANR: animirani<br>ULOGE: Rene Bitorajac, Alen \u0160alinovi\u0107, Mirela Brekalo Popovi\u0107, Ervin Bau\u010di\u0107<br>TRAJANJE FILMA: 87 min&nbsp;&nbsp;|&nbsp;&nbsp;GODINA: 2022&nbsp;&nbsp;|&nbsp;&nbsp;DR\u017dAVA: SAD&nbsp;&nbsp;|<\/p>\n","protected":false},"excerpt":{"rendered":"<p>Ovog ljeta, mali \u017euta bi\u0107a Malci, vra\u0107aju se u kina! U drugom nastavku pratimo 12 godi\u0161njeg Grua koji je na tragu da postane najve\u0107i zlikovac svih vremena a na tom putu svesrdno mu poma\u017eu mali \u017euti prijatelji u drugom nastavku Malaca pod nazivom Malci 2: Kako je Gru postao Gru.<\/p>\n<p>Sredinom 70-tih godina pro\u0161log stolje\u0107a 12 godi\u0161nji Gru odrasta u predgra\u0111u i ma\u0161ta o svojoj zlo\u010dina\u010dkoj karijeri. Kao veliki ljubitelj superzle supergrupe Evil 6 ima plan kako da im se pridru\u017ei. Zajedno sa svojim vjernim Malcima te prinovom, Ottom malcem s zubnom protezom, gradi svoj prvi brlog i zavr\u0161avaju svoj prvi zlo\u010dina\u010dki zadatak. Pristupanje Evil 6 grupi ne prolazi bez problema i Gru ubrzo postaje njihov glavni neprijatelj.<\/p>\n<p>Malci 2: Kako je Gru postao Gru, isto kao i prvi dio, obiluje humorom, referencama na popularnu pop kulturu, muzikom, akcijom i \u2026\u2026Malcima.<\/p>\n","protected":false},"author":1,"featured_media":24763,"comment_status":"closed","ping_status":"closed","sticky":false,"template":"","format":"standard","meta":{"footnotes":""},"categories":[14],"tags":[],"class_list":["post-24762","post","type-post","status-publish","format-standard","has-post-thumbnail","hentry","category-arhiva"],"_links":{"self":[{"href":"https:\/\/www.pou-novska.hr\/index.php?rest_route=\/wp\/v2\/posts\/24762","targetHints":{"allow":["GET"]}}],"collection":[{"href":"https:\/\/www.pou-novska.hr\/index.php?rest_route=\/wp\/v2\/posts"}],"about":[{"href":"https:\/\/www.pou-novska.hr\/index.php?rest_route=\/wp\/v2\/types\/post"}],"author":[{"embeddable":true,"href":"https:\/\/www.pou-novska.hr\/index.php?rest_route=\/wp\/v2\/users\/1"}],"replies":[{"embeddable":true,"href":"https:\/\/www.pou-novska.hr\/index.php?rest_route=%2Fwp%2Fv2%2Fcomments&post=24762"}],"version-history":[{"count":6,"href":"https:\/\/www.pou-novska.hr\/index.php?rest_route=\/wp\/v2\/posts\/24762\/revisions"}],"predecessor-version":[{"id":24833,"href":"https:\/\/www.pou-novska.hr\/index.php?rest_route=\/wp\/v2\/posts\/24762\/revisions\/24833"}],"wp:featuredmedia":[{"embeddable":true,"href":"https:\/\/www.pou-novska.hr\/index.php?rest_route=\/wp\/v2\/media\/24763"}],"wp:attachment":[{"href":"https:\/\/www.pou-novska.hr\/index.php?rest_route=%2Fwp%2Fv2%2Fmedia&parent=24762"}],"wp:term":[{"taxonomy":"category","embeddable":true,"href":"https:\/\/www.pou-novska.hr\/index.php?rest_route=%2Fwp%2Fv2%2Fcategories&post=24762"},{"taxonomy":"post_tag","embeddable":true,"href":"https:\/\/www.pou-novska.hr\/index.php?rest_route=%2Fwp%2Fv2%2Ftags&post=24762"}],"curies":[{"name":"wp","href":"https:\/\/api.w.org\/{rel}","templated":true}]}}