{"id":25142,"date":"2022-10-22T19:13:44","date_gmt":"2022-10-22T18:13:44","guid":{"rendered":"http:\/\/www.pou-novska.hr\/?p=25142"},"modified":"2022-10-27T19:17:11","modified_gmt":"2022-10-27T18:17:11","slug":"tko-pjeva-zlo-ne-misli","status":"publish","type":"post","link":"https:\/\/www.pou-novska.hr\/?p=25142","title":{"rendered":"Tko pjeva zlo ne misli"},"content":{"rendered":"\n<p class=\"has-small-font-size\"><br>\u010cETVRTAK: 27. LISTOPADA: 20 sati<\/p>\n\n\n\n<p class=\"has-small-font-size\">ULAZ JE SLOBODAN<\/p>\n\n\n\n<p>Na ovogodi\u0161njem programu Svjetskog dana audiovizualne ba\u0161tine prikazuju se \u010detiri filmska ostvarenja redatelja Kre\u0161e Golika. Od 27. do 30. listopada 2022. na programu 16 kina diljem Hrvatske mo\u017eete prona\u0107i\u00a0 digitalno restaurirane filmove: \u00a0Tko pjeva, zlo ne misli (1970.) i Plavi 9 (1950.), a uz njih su u programu i melodrama Ljubica (1978.) te humoristi\u010dna drama Imam 2 mame i 2 tate (1968.) Filmovi se u kinima prikazuju potpuno besplatno.<\/p>\n\n\n\n<div class=\"wp-block-image\"><figure class=\"alignleft size-large is-resized\"><a href=\"http:\/\/www.pou-novska.hr\/wp-content\/uploads\/2022\/10\/0103-Tko-pjeva-zlo-ne-misli.jpg\"><img loading=\"lazy\" decoding=\"async\" src=\"http:\/\/www.pou-novska.hr\/wp-content\/uploads\/2022\/10\/0103-Tko-pjeva-zlo-ne-misli-719x1024.jpg\" alt=\"Tko pjeva zlo ne misli \" class=\"wp-image-25143\" width=\"306\" height=\"436\" srcset=\"https:\/\/www.pou-novska.hr\/wp-content\/uploads\/2022\/10\/0103-Tko-pjeva-zlo-ne-misli-719x1024.jpg 719w, https:\/\/www.pou-novska.hr\/wp-content\/uploads\/2022\/10\/0103-Tko-pjeva-zlo-ne-misli-211x300.jpg 211w, https:\/\/www.pou-novska.hr\/wp-content\/uploads\/2022\/10\/0103-Tko-pjeva-zlo-ne-misli-768x1094.jpg 768w, https:\/\/www.pou-novska.hr\/wp-content\/uploads\/2022\/10\/0103-Tko-pjeva-zlo-ne-misli-77x110.jpg 77w, https:\/\/www.pou-novska.hr\/wp-content\/uploads\/2022\/10\/0103-Tko-pjeva-zlo-ne-misli-295x420.jpg 295w, https:\/\/www.pou-novska.hr\/wp-content\/uploads\/2022\/10\/0103-Tko-pjeva-zlo-ne-misli-302x430.jpg 302w, https:\/\/www.pou-novska.hr\/wp-content\/uploads\/2022\/10\/0103-Tko-pjeva-zlo-ne-misli.jpg 1024w\" sizes=\"auto, (max-width: 306px) 100vw, 306px\" \/><\/a><figcaption>Tko pjeva zlo ne misli <\/figcaption><\/figure><\/div>\n\n\n\n<p>U na\u0161em Kinu Novska mo\u017eete pogledati digitalno restaurirani film, najpoznatiju hrvatsku ljubavnu komediju \u201eTko pjeva zlo ne misli\u201c (1970.) i uplesti se u zgode i nezgode zagreba\u010dke obitelji \u0160afranek. <\/p>\n\n\n\n<p>Film je nastao prema noveli \u201eIz dnevnika malog Perice\u201c Vjekoslava Majera. U Zagrebu polovicom 1930-ih \u017eivi obitelj \u0160afranek \u2013 Franjo, Ana i sin Perica. <\/p>\n\n\n\n<p>Ana upozna gospodina Fulira, koji joj se po\u010dne udvarati, iskori\u0161tavaju\u0107i njeno nezadovoljstvo brakom. Franjo, nesvjestan te \u010dinjenice, odlu\u010di spojiti Fulira s Aninom sestrom Minom.<br><\/p>\n\n\n\n<p>Datum prvog javnog prikazivanja:&nbsp;20. listopada 1970.<br>Redatelj:&nbsp;Kre\u0161o Golik<br>Autor pri\u010de:&nbsp;Vjekoslav Majer<br>Autor glazbe:&nbsp;\u017divan Cvitkovi\u0107,&nbsp;Vlaho Paljetak<br>Scenarij:&nbsp;Kre\u0161o Golik,&nbsp;Ivo \u0160krabalo<br>Glavne uloge:&nbsp;Franjo Majeti\u0107;&nbsp;Mirjana Bohanec;&nbsp;Relja Ba\u0161i\u0107;&nbsp;Mia Oremovi\u0107;&nbsp;Tomislav \u017dganec;&nbsp;Vida Jerman;&nbsp;Riki Brzeska<\/p>\n","protected":false},"excerpt":{"rendered":"<p>U na\u0161em Kinu Novska mo\u017eete pogledati digitalno restaurirani film, najpoznatiju hrvatsku ljubavnu komediju \u201eTko pjeva zlo ne misli\u201c (1970.) i uplesti se u zgode i nezgode zagreba\u010dke obitelji \u0160afranek.<\/p>\n<p>Film je nastao prema noveli \u201eIz dnevnika malog Perice\u201c Vjekoslava Majera. U Zagrebu polovicom 1930-ih \u017eivi obitelj \u0160afranek \u2013 Franjo, Ana i sin Perica.<\/p>\n<p>Ana upozna gospodina Fulira, koji joj se po\u010dne udvarati, iskori\u0161tavaju\u0107i njeno nezadovoljstvo brakom. Franjo, nesvjestan te \u010dinjenice, odlu\u010di spojiti Fulira s Aninom sestrom Minom.<\/p>\n","protected":false},"author":1,"featured_media":25143,"comment_status":"closed","ping_status":"closed","sticky":false,"template":"","format":"standard","meta":{"footnotes":""},"categories":[14],"tags":[],"class_list":["post-25142","post","type-post","status-publish","format-standard","has-post-thumbnail","hentry","category-arhiva"],"_links":{"self":[{"href":"https:\/\/www.pou-novska.hr\/index.php?rest_route=\/wp\/v2\/posts\/25142","targetHints":{"allow":["GET"]}}],"collection":[{"href":"https:\/\/www.pou-novska.hr\/index.php?rest_route=\/wp\/v2\/posts"}],"about":[{"href":"https:\/\/www.pou-novska.hr\/index.php?rest_route=\/wp\/v2\/types\/post"}],"author":[{"embeddable":true,"href":"https:\/\/www.pou-novska.hr\/index.php?rest_route=\/wp\/v2\/users\/1"}],"replies":[{"embeddable":true,"href":"https:\/\/www.pou-novska.hr\/index.php?rest_route=%2Fwp%2Fv2%2Fcomments&post=25142"}],"version-history":[{"count":2,"href":"https:\/\/www.pou-novska.hr\/index.php?rest_route=\/wp\/v2\/posts\/25142\/revisions"}],"predecessor-version":[{"id":25145,"href":"https:\/\/www.pou-novska.hr\/index.php?rest_route=\/wp\/v2\/posts\/25142\/revisions\/25145"}],"wp:featuredmedia":[{"embeddable":true,"href":"https:\/\/www.pou-novska.hr\/index.php?rest_route=\/wp\/v2\/media\/25143"}],"wp:attachment":[{"href":"https:\/\/www.pou-novska.hr\/index.php?rest_route=%2Fwp%2Fv2%2Fmedia&parent=25142"}],"wp:term":[{"taxonomy":"category","embeddable":true,"href":"https:\/\/www.pou-novska.hr\/index.php?rest_route=%2Fwp%2Fv2%2Fcategories&post=25142"},{"taxonomy":"post_tag","embeddable":true,"href":"https:\/\/www.pou-novska.hr\/index.php?rest_route=%2Fwp%2Fv2%2Ftags&post=25142"}],"curies":[{"name":"wp","href":"https:\/\/api.w.org\/{rel}","templated":true}]}}