{"id":26675,"date":"2023-10-18T11:51:33","date_gmt":"2023-10-18T10:51:33","guid":{"rendered":"http:\/\/www.pou-novska.hr\/?p=26675"},"modified":"2023-10-27T19:02:05","modified_gmt":"2023-10-27T18:02:05","slug":"bosanski-lonac","status":"publish","type":"post","link":"https:\/\/www.pou-novska.hr\/?p=26675","title":{"rendered":"Bosanski Lonac"},"content":{"rendered":"\n<p class=\"has-small-font-size\"><br><s>PETAK: 27. LISTOPADA: 20 sati<\/s><br><br>CIJENA: <strong>3,50<\/strong> EUR (26,37kn Fiksni te\u010daj konverzije 7,53450)<\/p>\n\n\n\n<p class=\"has-small-font-size\">DOBNA PREPORUKA: 12+<br><a href=\"http:\/\/www.pou-novska.hr\/?page_id=23279\">REZERVACIJE<\/a><\/p>\n\n\n\n<p><\/p>\n\n\n<div class=\"wp-block-image\">\n<figure class=\"alignleft size-full is-resized\"><a href=\"http:\/\/www.pou-novska.hr\/wp-content\/uploads\/2023\/10\/B1_BOSANSKI_LONAC_HR.jpg\"><img loading=\"lazy\" decoding=\"async\" width=\"712\" height=\"1024\" src=\"http:\/\/www.pou-novska.hr\/wp-content\/uploads\/2023\/10\/B1_BOSANSKI_LONAC_HR.jpg\" alt=\"Bosanski lonac\" class=\"wp-image-26676\" style=\"aspect-ratio:0.6953125;width:303px;height:auto\" srcset=\"https:\/\/www.pou-novska.hr\/wp-content\/uploads\/2023\/10\/B1_BOSANSKI_LONAC_HR.jpg 712w, https:\/\/www.pou-novska.hr\/wp-content\/uploads\/2023\/10\/B1_BOSANSKI_LONAC_HR-209x300.jpg 209w, https:\/\/www.pou-novska.hr\/wp-content\/uploads\/2023\/10\/B1_BOSANSKI_LONAC_HR-76x110.jpg 76w, https:\/\/www.pou-novska.hr\/wp-content\/uploads\/2023\/10\/B1_BOSANSKI_LONAC_HR-292x420.jpg 292w, https:\/\/www.pou-novska.hr\/wp-content\/uploads\/2023\/10\/B1_BOSANSKI_LONAC_HR-299x430.jpg 299w\" sizes=\"auto, (max-width: 712px) 100vw, 712px\" \/><\/a><\/figure>\n<\/div>\n\n\n<p>Senad Ba\u0161i\u0107 glumi Faruka \u0160egu, neuspje\u0161nog bosanskog pisca kojem prijeti deportacija iz Austrije ako ne doka\u017ee da je pridonio austrijskom kulturnom \u017eivotu. Posljednja mu je prilika kazali\u0161na grupa koja mo\u017ee postaviti na scenu njegovu mladena\u010dku dramu.<\/p>\n\n\n\n<p>Uz Senada Ba\u0161i\u0107a, jaku gluma\u010dku ekipu \u010dine Bruna Bebi\u0107, Andreas Kiendl, Birgit St\u00f6ger, Admir Glamo\u010dak, Zlatko Buri\u0107, Igor Kova\u010d, Goran Grgi\u0107, Dejan A\u0107imovi\u0107, Julia Franz Richter, Dra\u017een K\u00fchn, Aleksandar Petrovi\u0107, Wolfram Berger i mnogi drugi.<br>Farukov nevoljki povratak u kazali\u0161te natjerat \u0107e ga da shvati \u0161to je uistinu va\u017eno u \u017eivotu.<\/p>\n\n\n\n<p>Originalni naslov: Bosanski Lonac<br>Du\u017eina filma: 103 minuta(e)<br>Dr\u017eava\/Godina: AUT, BIH, HRV\/2023<br>\u017danr: komedija, drama<br>Glumci: Dejan A\u0107imovi\u0107, Senad Ba\u0161i\u0107, Bruna Bebi\u0107, Wolfram Berger, Zlatko Buri\u0107<br>Redatelj: Pavo Marinkovi\u0107<br>Distribucija: Duplicato Media d.o.o.<\/p>\n\n\n\n<p><\/p>\n","protected":false},"excerpt":{"rendered":"<p>Senad Ba\u0161i\u0107 glumi Faruka \u0160egu, neuspje\u0161nog bosanskog pisca kojem prijeti deportacija iz Austrije ako ne doka\u017ee da je pridonio austrijskom kulturnom \u017eivotu. Posljednja mu je prilika kazali\u0161na grupa koja mo\u017ee postaviti na scenu njegovu mladena\u010dku dramu.<\/p>\n<p>Uz Senada Ba\u0161i\u0107a, jaku gluma\u010dku ekipu \u010dine Bruna Bebi\u0107, Andreas Kiendl, Birgit St\u00f6ger, Admir Glamo\u010dak, Zlatko Buri\u0107, Igor Kova\u010d, Goran Grgi\u0107, Dejan A\u0107imovi\u0107, Julia Franz Richter, Dra\u017een K\u00fchn, Aleksandar Petrovi\u0107, Wolfram Berger i mnogi drugi.<br \/>\nFarukov nevoljki povratak u kazali\u0161te natjerat \u0107e ga da shvati \u0161to je uistinu va\u017eno u \u017eivotu.<\/p>\n","protected":false},"author":1,"featured_media":26676,"comment_status":"closed","ping_status":"closed","sticky":false,"template":"","format":"standard","meta":{"footnotes":""},"categories":[14],"tags":[],"class_list":["post-26675","post","type-post","status-publish","format-standard","has-post-thumbnail","hentry","category-arhiva"],"_links":{"self":[{"href":"https:\/\/www.pou-novska.hr\/index.php?rest_route=\/wp\/v2\/posts\/26675","targetHints":{"allow":["GET"]}}],"collection":[{"href":"https:\/\/www.pou-novska.hr\/index.php?rest_route=\/wp\/v2\/posts"}],"about":[{"href":"https:\/\/www.pou-novska.hr\/index.php?rest_route=\/wp\/v2\/types\/post"}],"author":[{"embeddable":true,"href":"https:\/\/www.pou-novska.hr\/index.php?rest_route=\/wp\/v2\/users\/1"}],"replies":[{"embeddable":true,"href":"https:\/\/www.pou-novska.hr\/index.php?rest_route=%2Fwp%2Fv2%2Fcomments&post=26675"}],"version-history":[{"count":3,"href":"https:\/\/www.pou-novska.hr\/index.php?rest_route=\/wp\/v2\/posts\/26675\/revisions"}],"predecessor-version":[{"id":26697,"href":"https:\/\/www.pou-novska.hr\/index.php?rest_route=\/wp\/v2\/posts\/26675\/revisions\/26697"}],"wp:featuredmedia":[{"embeddable":true,"href":"https:\/\/www.pou-novska.hr\/index.php?rest_route=\/wp\/v2\/media\/26676"}],"wp:attachment":[{"href":"https:\/\/www.pou-novska.hr\/index.php?rest_route=%2Fwp%2Fv2%2Fmedia&parent=26675"}],"wp:term":[{"taxonomy":"category","embeddable":true,"href":"https:\/\/www.pou-novska.hr\/index.php?rest_route=%2Fwp%2Fv2%2Fcategories&post=26675"},{"taxonomy":"post_tag","embeddable":true,"href":"https:\/\/www.pou-novska.hr\/index.php?rest_route=%2Fwp%2Fv2%2Ftags&post=26675"}],"curies":[{"name":"wp","href":"https:\/\/api.w.org\/{rel}","templated":true}]}}