{"id":29509,"date":"2025-11-21T10:44:09","date_gmt":"2025-11-21T09:44:09","guid":{"rendered":"https:\/\/www.pou-novska.hr\/?p=29509"},"modified":"2026-02-02T08:56:32","modified_gmt":"2026-02-02T07:56:32","slug":"otvorena-prva-samostalna-izlozba-ane-janus","status":"publish","type":"post","link":"https:\/\/www.pou-novska.hr\/?p=29509","title":{"rendered":"Otvorena prva samostalna izlo\u017eba Ane Janu\u0161"},"content":{"rendered":"\n<p><\/p>\n\n\n\n<p>Ju\u010der, 20. studenog u 18 sati, galerija Pu\u010dkoga otvorenog u\u010dili\u0161ta ugostila je otvorenje <strong>prve samostalne izlo\u017ebe<\/strong> novljanske slikarice <strong>Ane Janu\u0161<\/strong>. Ovo iznimno posje\u0107eno otvorenje pokazalo je da netko tko je po\u010deo slikati tek prije osam godina mo\u017ee u kratkom periodu posti\u0107i <strong>znatne uspjehe<\/strong>. Osim \u0161to puni umjetni\u010dke galerije, Janu\u0161 je i dobitnica Likovnog pletera Sisa\u010dko-moslava\u010dke \u017eupanije za 2020. godinu te \u010desta izlaga\u010dica na Hrvatskom saboru kulture, a njeni su se radovi izlagani na skupnim izlo\u017ebama <strong>Moslava\u010dkog kruga<\/strong> i udruge <strong>DLAN<\/strong>.<\/p>\n\n\n\n<p>\u201cNa ovim slikama uo\u010dava se titraj prirode, \u010duje se \u0161um li\u0161\u0107a\u201d, naglasio je kustos Muzejske zavi\u010dajne zbirke Grada Novske <strong>Nikola Pa\u017ein<\/strong>. \u201c\u010covjek bi pomislio da su, umjesto u ateljeu, Anina djela nastala u <em>plein airu<\/em>, odnosno vani, na terenu.\u201d<\/p>\n\n\n\n<p>\u201c\u010cast nam je \u0161to je za svoju prvu izlo\u017ebu Ana Janu\u0161 odabrala upravo na\u0161u galeriju\u201d, izjavio je ravnatelj Pu\u010dkoga otvorenog u\u010dili\u0161ta <strong>Miroslav Pero\u0161evi\u0107<\/strong>.<\/p>\n\n\n\n<p>\u201cAna se pokazala u sportu, u tenisu i kuglanju, a potom u kratkom periodu postigla velike uspjehe u slikarstvu\u201d, impresionirano je komentirao potpredsjednik Gradskog vije\u0107a Grada Novske <strong>Sini\u0161a Kesi\u0107<\/strong>, koji je u ime Grada slu\u017ebeno proglasio izlo\u017ebu otvorenom.<\/p>\n\n\n\n<figure class=\"wp-block-image size-large\"><a href=\"https:\/\/www.pou-novska.hr\/wp-content\/uploads\/2025\/11\/IMG_5511-Copy.jpg\"><img loading=\"lazy\" decoding=\"async\" width=\"1024\" height=\"683\" src=\"https:\/\/www.pou-novska.hr\/wp-content\/uploads\/2025\/11\/IMG_5511-Copy-1024x683.jpg\" alt=\"\" class=\"wp-image-29514\" srcset=\"https:\/\/www.pou-novska.hr\/wp-content\/uploads\/2025\/11\/IMG_5511-Copy-1024x683.jpg 1024w, https:\/\/www.pou-novska.hr\/wp-content\/uploads\/2025\/11\/IMG_5511-Copy-300x200.jpg 300w, https:\/\/www.pou-novska.hr\/wp-content\/uploads\/2025\/11\/IMG_5511-Copy-768x512.jpg 768w, https:\/\/www.pou-novska.hr\/wp-content\/uploads\/2025\/11\/IMG_5511-Copy-1536x1024.jpg 1536w, https:\/\/www.pou-novska.hr\/wp-content\/uploads\/2025\/11\/IMG_5511-Copy-110x73.jpg 110w, https:\/\/www.pou-novska.hr\/wp-content\/uploads\/2025\/11\/IMG_5511-Copy-420x280.jpg 420w, https:\/\/www.pou-novska.hr\/wp-content\/uploads\/2025\/11\/IMG_5511-Copy-645x430.jpg 645w, https:\/\/www.pou-novska.hr\/wp-content\/uploads\/2025\/11\/IMG_5511-Copy.jpg 1566w\" sizes=\"auto, (max-width: 1024px) 100vw, 1024px\" \/><\/a><\/figure>\n\n\n\n<figure class=\"wp-block-image size-large\"><a href=\"http:\/\/www.pou-novska.hr\/wp-content\/uploads\/2025\/11\/IMG_5471-Copy.jpg\"><img loading=\"lazy\" decoding=\"async\" width=\"1024\" height=\"683\" src=\"http:\/\/www.pou-novska.hr\/wp-content\/uploads\/2025\/11\/IMG_5471-Copy-1024x683.jpg\" alt=\"\" class=\"wp-image-29510\" srcset=\"https:\/\/www.pou-novska.hr\/wp-content\/uploads\/2025\/11\/IMG_5471-Copy-1024x683.jpg 1024w, https:\/\/www.pou-novska.hr\/wp-content\/uploads\/2025\/11\/IMG_5471-Copy-300x200.jpg 300w, https:\/\/www.pou-novska.hr\/wp-content\/uploads\/2025\/11\/IMG_5471-Copy-768x512.jpg 768w, https:\/\/www.pou-novska.hr\/wp-content\/uploads\/2025\/11\/IMG_5471-Copy-1536x1024.jpg 1536w, https:\/\/www.pou-novska.hr\/wp-content\/uploads\/2025\/11\/IMG_5471-Copy-110x73.jpg 110w, https:\/\/www.pou-novska.hr\/wp-content\/uploads\/2025\/11\/IMG_5471-Copy-420x280.jpg 420w, https:\/\/www.pou-novska.hr\/wp-content\/uploads\/2025\/11\/IMG_5471-Copy-645x430.jpg 645w, https:\/\/www.pou-novska.hr\/wp-content\/uploads\/2025\/11\/IMG_5471-Copy.jpg 1566w\" sizes=\"auto, (max-width: 1024px) 100vw, 1024px\" \/><\/a><\/figure>\n","protected":false},"excerpt":{"rendered":"<p>Ju\u010der, 20. studenog u 18 sati, galerija Pu\u010dkoga otvorenog u\u010dili\u0161ta ugostila je otvorenje prve samostalne izlo\u017ebe novljanske slikarice Ane Janu\u0161. Ovo iznimno posje\u0107eno otvorenje pokazalo je da netko tko je po\u010deo slikati tek prije osam godina mo\u017ee u kratkom periodu posti\u0107i znatne uspjehe. Osim \u0161to puni umjetni\u010dke galerije, Janu\u0161 je i dobitnica Likovnog pletera Sisa\u010dko-moslava\u010dke [&hellip;]<\/p>\n","protected":false},"author":5,"featured_media":29510,"comment_status":"closed","ping_status":"closed","sticky":false,"template":"","format":"standard","meta":{"footnotes":""},"categories":[12,14],"tags":[],"class_list":["post-29509","post","type-post","status-publish","format-standard","has-post-thumbnail","hentry","category-ostala_dogadjanja","category-arhiva"],"_links":{"self":[{"href":"https:\/\/www.pou-novska.hr\/index.php?rest_route=\/wp\/v2\/posts\/29509","targetHints":{"allow":["GET"]}}],"collection":[{"href":"https:\/\/www.pou-novska.hr\/index.php?rest_route=\/wp\/v2\/posts"}],"about":[{"href":"https:\/\/www.pou-novska.hr\/index.php?rest_route=\/wp\/v2\/types\/post"}],"author":[{"embeddable":true,"href":"https:\/\/www.pou-novska.hr\/index.php?rest_route=\/wp\/v2\/users\/5"}],"replies":[{"embeddable":true,"href":"https:\/\/www.pou-novska.hr\/index.php?rest_route=%2Fwp%2Fv2%2Fcomments&post=29509"}],"version-history":[{"count":4,"href":"https:\/\/www.pou-novska.hr\/index.php?rest_route=\/wp\/v2\/posts\/29509\/revisions"}],"predecessor-version":[{"id":29515,"href":"https:\/\/www.pou-novska.hr\/index.php?rest_route=\/wp\/v2\/posts\/29509\/revisions\/29515"}],"wp:featuredmedia":[{"embeddable":true,"href":"https:\/\/www.pou-novska.hr\/index.php?rest_route=\/wp\/v2\/media\/29510"}],"wp:attachment":[{"href":"https:\/\/www.pou-novska.hr\/index.php?rest_route=%2Fwp%2Fv2%2Fmedia&parent=29509"}],"wp:term":[{"taxonomy":"category","embeddable":true,"href":"https:\/\/www.pou-novska.hr\/index.php?rest_route=%2Fwp%2Fv2%2Fcategories&post=29509"},{"taxonomy":"post_tag","embeddable":true,"href":"https:\/\/www.pou-novska.hr\/index.php?rest_route=%2Fwp%2Fv2%2Ftags&post=29509"}],"curies":[{"name":"wp","href":"https:\/\/api.w.org\/{rel}","templated":true}]}}