{"id":30435,"date":"2026-04-29T11:30:49","date_gmt":"2026-04-29T10:30:49","guid":{"rendered":"https:\/\/www.pou-novska.hr\/?p=30435"},"modified":"2026-04-29T11:31:12","modified_gmt":"2026-04-29T10:31:12","slug":"u-parku-odrzan-krug-sjecanja","status":"publish","type":"post","link":"https:\/\/www.pou-novska.hr\/?p=30435","title":{"rendered":"U parku odr\u017ean &#8220;Krug sje\u0107anja&#8221;"},"content":{"rendered":"\n<p><\/p>\n\n\n\n<p>Ususret obljetnici vojno-redarstvene operacije &#8220;Bljesak&#8221;, u srijedu 29. travnja odr\u017eala se u gradskom parku u Novskoj informativna radionica za djecu pod nazivom <strong>Krug sje\u0107anja<\/strong>. Branitelji koji stoje u krugu odgovarali su na pitanja u\u010denicima novljanskih osnovnih \u0161kola te Srednje \u0161kole Novska, a sve s ciljem da se mladima pribli\u017ei ljudski aspekt Domovinskog rata.<\/p>\n\n\n\n<p>&#8220;Krug sje\u0107anja osmislio sam kao priliku za mlade da postave svoja pitanja braniteljima, koji su od njih sad udaljeni dvije generacije&#8221;, pojasnio je organizator doga\u0111aja, kustos <strong>Nikola Pa\u017ein<\/strong>. &#8220;Pri\u010de koje sam ja slu\u0161ao od oca, dana\u0161nja djeca slu\u0161aju od djedova \u2013 ako uop\u0107e imaju koga pitati! Kroz ovu radionicu premo\u0161\u0107ujemo taj generacijski jaz i dajemo u\u010denicima priliku \u010duti o Domovinskom ratu iz prve ruke.&#8221;<\/p>\n\n\n\n<p>Ovo je <strong>druga godina za redom<\/strong> kako se odr\u017eava ova jedinstvena radionica, a nadamo se da \u0107e s vremenom mo\u017eda postati i tradicionalni dio obilje\u017eavanja obljetnice VRO &#8220;Bljesak&#8221; u Novskoj. Vi\u0161e fotografija pogledajte na na\u0161oj Facebook stranici.<\/p>\n\n\n\n<figure class=\"wp-block-image size-large\"><a href=\"https:\/\/www.pou-novska.hr\/wp-content\/uploads\/2026\/04\/TOM_4746.jpg\"><img loading=\"lazy\" decoding=\"async\" width=\"1024\" height=\"683\" src=\"https:\/\/www.pou-novska.hr\/wp-content\/uploads\/2026\/04\/TOM_4746-1024x683.jpg\" alt=\"\" class=\"wp-image-30437\" srcset=\"https:\/\/www.pou-novska.hr\/wp-content\/uploads\/2026\/04\/TOM_4746-1024x683.jpg 1024w, https:\/\/www.pou-novska.hr\/wp-content\/uploads\/2026\/04\/TOM_4746-300x200.jpg 300w, https:\/\/www.pou-novska.hr\/wp-content\/uploads\/2026\/04\/TOM_4746-768x512.jpg 768w, https:\/\/www.pou-novska.hr\/wp-content\/uploads\/2026\/04\/TOM_4746-1536x1024.jpg 1536w, https:\/\/www.pou-novska.hr\/wp-content\/uploads\/2026\/04\/TOM_4746-110x73.jpg 110w, https:\/\/www.pou-novska.hr\/wp-content\/uploads\/2026\/04\/TOM_4746-420x280.jpg 420w, https:\/\/www.pou-novska.hr\/wp-content\/uploads\/2026\/04\/TOM_4746-645x430.jpg 645w, https:\/\/www.pou-novska.hr\/wp-content\/uploads\/2026\/04\/TOM_4746.jpg 1600w\" sizes=\"auto, (max-width: 1024px) 100vw, 1024px\" \/><\/a><\/figure>\n","protected":false},"excerpt":{"rendered":"<p>Ususret obljetnici vojno-redarstvene operacije &#8220;Bljesak&#8221;, u srijedu 29. travnja odr\u017eala se u gradskom parku u Novskoj informativna radionica za djecu pod nazivom Krug sje\u0107anja. Branitelji koji stoje u krugu odgovarali su na pitanja u\u010denicima novljanskih osnovnih \u0161kola te Srednje \u0161kole Novska, a sve s ciljem da se mladima pribli\u017ei ljudski aspekt Domovinskog rata. &#8220;Krug sje\u0107anja [&hellip;]<\/p>\n","protected":false},"author":5,"featured_media":30436,"comment_status":"closed","ping_status":"closed","sticky":false,"template":"","format":"standard","meta":{"footnotes":""},"categories":[1],"tags":[],"class_list":["post-30435","post","type-post","status-publish","format-standard","has-post-thumbnail","hentry","category-novosti"],"_links":{"self":[{"href":"https:\/\/www.pou-novska.hr\/index.php?rest_route=\/wp\/v2\/posts\/30435","targetHints":{"allow":["GET"]}}],"collection":[{"href":"https:\/\/www.pou-novska.hr\/index.php?rest_route=\/wp\/v2\/posts"}],"about":[{"href":"https:\/\/www.pou-novska.hr\/index.php?rest_route=\/wp\/v2\/types\/post"}],"author":[{"embeddable":true,"href":"https:\/\/www.pou-novska.hr\/index.php?rest_route=\/wp\/v2\/users\/5"}],"replies":[{"embeddable":true,"href":"https:\/\/www.pou-novska.hr\/index.php?rest_route=%2Fwp%2Fv2%2Fcomments&post=30435"}],"version-history":[{"count":2,"href":"https:\/\/www.pou-novska.hr\/index.php?rest_route=\/wp\/v2\/posts\/30435\/revisions"}],"predecessor-version":[{"id":30439,"href":"https:\/\/www.pou-novska.hr\/index.php?rest_route=\/wp\/v2\/posts\/30435\/revisions\/30439"}],"wp:featuredmedia":[{"embeddable":true,"href":"https:\/\/www.pou-novska.hr\/index.php?rest_route=\/wp\/v2\/media\/30436"}],"wp:attachment":[{"href":"https:\/\/www.pou-novska.hr\/index.php?rest_route=%2Fwp%2Fv2%2Fmedia&parent=30435"}],"wp:term":[{"taxonomy":"category","embeddable":true,"href":"https:\/\/www.pou-novska.hr\/index.php?rest_route=%2Fwp%2Fv2%2Fcategories&post=30435"},{"taxonomy":"post_tag","embeddable":true,"href":"https:\/\/www.pou-novska.hr\/index.php?rest_route=%2Fwp%2Fv2%2Ftags&post=30435"}],"curies":[{"name":"wp","href":"https:\/\/api.w.org\/{rel}","templated":true}]}}