{"id":521,"date":"2009-09-30T11:37:37","date_gmt":"2009-09-30T10:37:37","guid":{"rendered":"http:\/\/www.pou-novska.hr\/?p=521"},"modified":"2009-11-22T19:29:22","modified_gmt":"2009-11-22T18:29:22","slug":"distrikt-9","status":"publish","type":"post","link":"https:\/\/www.pou-novska.hr\/?p=521","title":{"rendered":"Distrikt 9"},"content":{"rendered":"<p><strong>21. i 22. studenog u 20 sati<\/strong><\/p>\n<p><a href=\"http:\/\/www.pou-novska.hr\/wp-content\/uploads\/2009\/09\/distrikt9.jpg\"><img loading=\"lazy\" decoding=\"async\" class=\"alignleft size-medium wp-image-522\" title=\"distrikt9\" src=\"http:\/\/www.pou-novska.hr\/wp-content\/uploads\/2009\/09\/distrikt9-202x300.jpg\" alt=\"distrikt9\" width=\"202\" height=\"300\" srcset=\"https:\/\/www.pou-novska.hr\/wp-content\/uploads\/2009\/09\/distrikt9-202x300.jpg 202w, https:\/\/www.pou-novska.hr\/wp-content\/uploads\/2009\/09\/distrikt9.jpg 500w\" sizes=\"auto, (max-width: 202px) 100vw, 202px\" \/><\/a>Stjerani su u geto Ju\u017ene Afrike, mrze ih, raseljavaju ih i progone, a oni to vi\u0161e ne \u017eele trpiti. \u017dele biti ravnopravni, iako nisu isti kao mi jer oni su &#8211; vanzemaljci! Prije vi\u0161e od dvadeset godina, vanzemaljska vrsta je uspostavila prvi kontakt sa planetom Zemljom. Ljudska vrsta je o\u010dekivala ili po\u010detak agresivnog sukoba, ili goleme tehnolo\u0161ke napretke. No, nije dobila niti jedno. Vanzemaljci su nesretne izbjeglice sa vlastitog svijeta. Stvorenja su smje\u0161tena u izbjegli\u010dki kamp <strong>Okrug 9<\/strong> u Ju\u017enoj Africi, dok se svjetske velesile prepiru \u0161to u\u010diniti s njima.<span style=\"margin: 0px ! important;\"> No, strpljenje za situaciju sa vanzemaljcima istje\u010de. Nadzor n<span style=\"border-bottom: 1px solid #018d25; margin: 0px ! important; height: auto; padding-top: 0px; padding-right: 0px; padding-left: 0px; cursor: pointer; padding-bottom: 1px ! important; color: #018d25 ! important; text-decoration: underline;\"> <\/span>ad njima povjeren je privatnoj kompaniji <\/span><strong>MNU <\/strong><span style=\"margin: 0px ! important;\">(Multi-National United), potpuno nezainteresiranoj za dobrobit vanzemaljaca. Oni su svjesni goleme potencijalne zarade koja se krije u mo\u0107nom vanzemaljskom oru\u017eju. No, nisu imali uspjeha; za aktiviranje oru\u017eje potrebna je vanzemaljska DNK.<\/span><\/p>\n<p><strong>Originalni naslov:<\/strong> District 9<strong><br \/>\n\u017danr:<\/strong> ZF, akcija, drama<strong><br \/>\nTrajanje:<\/strong> 112&#8242;<strong><br \/>\nGodina izdanja:<\/strong> 2009.<strong><br \/>\nZemlja:<\/strong> SAD<strong><br \/>\nIzdava\u010d\/Distributer:<\/strong> TriStar Pictures (Sony)<strong><br \/>\nUloge:<\/strong> Sharlto Copley, David James, Jason Cope, Nathalie Boltt<strong><br \/>\nRe\u017eija:<\/strong> Neill Blomkamp<strong><br \/>\nScenarij:<\/strong> Neill Blomkamp, Terri Tatchell<strong><br \/>\nProducent\/i:<\/strong><a href=\"http:\/\/www.filmski.net\/dossier\/71\"> <\/a>Peter Jackson<\/p>\n<p><object classid=\"clsid:d27cdb6e-ae6d-11cf-96b8-444553540000\" width=\"425\" height=\"350\" codebase=\"http:\/\/download.macromedia.com\/pub\/shockwave\/cabs\/flash\/swflash.cab#version=6,0,40,0\"><param name=\"src\" value=\"http:\/\/www.youtube.com\/v\/z3W0z1nR2N8\" \/><embed type=\"application\/x-shockwave-flash\" width=\"425\" height=\"350\" src=\"http:\/\/www.youtube.com\/v\/z3W0z1nR2N8\"><\/embed><\/object><\/p>\n","protected":false},"excerpt":{"rendered":"<p>21. i 22. studenog u 20 sati Stjerani su u geto Ju\u017ene Afrike, mrze ih, raseljavaju ih i progone, a oni to vi\u0161e ne \u017eele trpiti. \u017dele biti ravnopravni, iako nisu isti kao mi jer oni su &#8211; vanzemaljci! Prije vi\u0161e od dvadeset godina, vanzemaljska vrsta je uspostavila prvi kontakt sa planetom Zemljom. Ljudska vrsta [&hellip;]<\/p>\n","protected":false},"author":1,"featured_media":0,"comment_status":"closed","ping_status":"closed","sticky":false,"template":"","format":"standard","meta":{"footnotes":""},"categories":[14],"tags":[],"class_list":["post-521","post","type-post","status-publish","format-standard","hentry","category-arhiva"],"_links":{"self":[{"href":"https:\/\/www.pou-novska.hr\/index.php?rest_route=\/wp\/v2\/posts\/521","targetHints":{"allow":["GET"]}}],"collection":[{"href":"https:\/\/www.pou-novska.hr\/index.php?rest_route=\/wp\/v2\/posts"}],"about":[{"href":"https:\/\/www.pou-novska.hr\/index.php?rest_route=\/wp\/v2\/types\/post"}],"author":[{"embeddable":true,"href":"https:\/\/www.pou-novska.hr\/index.php?rest_route=\/wp\/v2\/users\/1"}],"replies":[{"embeddable":true,"href":"https:\/\/www.pou-novska.hr\/index.php?rest_route=%2Fwp%2Fv2%2Fcomments&post=521"}],"version-history":[{"count":5,"href":"https:\/\/www.pou-novska.hr\/index.php?rest_route=\/wp\/v2\/posts\/521\/revisions"}],"predecessor-version":[{"id":761,"href":"https:\/\/www.pou-novska.hr\/index.php?rest_route=\/wp\/v2\/posts\/521\/revisions\/761"}],"wp:attachment":[{"href":"https:\/\/www.pou-novska.hr\/index.php?rest_route=%2Fwp%2Fv2%2Fmedia&parent=521"}],"wp:term":[{"taxonomy":"category","embeddable":true,"href":"https:\/\/www.pou-novska.hr\/index.php?rest_route=%2Fwp%2Fv2%2Fcategories&post=521"},{"taxonomy":"post_tag","embeddable":true,"href":"https:\/\/www.pou-novska.hr\/index.php?rest_route=%2Fwp%2Fv2%2Ftags&post=521"}],"curies":[{"name":"wp","href":"https:\/\/api.w.org\/{rel}","templated":true}]}}