{"id":569,"date":"2009-10-07T11:06:45","date_gmt":"2009-10-07T10:06:45","guid":{"rendered":"http:\/\/www.pou-novska.hr\/?p=569"},"modified":"2009-11-08T17:25:57","modified_gmt":"2009-11-08T16:25:57","slug":"petar-pan","status":"publish","type":"post","link":"https:\/\/www.pou-novska.hr\/?p=569","title":{"rendered":"Petar Pan &#8211; dje\u010dja predstava"},"content":{"rendered":"<div><strong>13. listopada 2009. u 19 sati<\/strong><\/div>\n<div><strong>Ulaz je besplatan.<br \/>\n<\/strong><\/div>\n<div><strong><br \/>\n<\/strong><\/div>\n<div><a href=\"http:\/\/www.pou-novska.hr\/wp-content\/uploads\/2009\/10\/petar-pan.jpg\"><img loading=\"lazy\" decoding=\"async\" class=\"alignleft size-full wp-image-570\" title=\"petar pan\" src=\"http:\/\/www.pou-novska.hr\/wp-content\/uploads\/2009\/10\/petar-pan.jpg\" alt=\"petar pan\" width=\"334\" height=\"191\" srcset=\"https:\/\/www.pou-novska.hr\/wp-content\/uploads\/2009\/10\/petar-pan.jpg 500w, https:\/\/www.pou-novska.hr\/wp-content\/uploads\/2009\/10\/petar-pan-300x171.jpg 300w\" sizes=\"auto, (max-width: 334px) 100vw, 334px\" \/><\/a><strong>Baletni studio Doma kulture Sisak.<\/strong><\/div>\n<p align=\"justify\">Petar Pan, vragolasti je dje\u010dak koji leti i magijom odbija odrasti. Dje\u010dak je to koji svoje beskona\u010dno djetinjstvo provodi u avanturi na malom otoku u Nedo\u0111iji, kao predvodnik bande \u201eIzgubljeni dje\u010daci&#8221;, me\u0111u vilama i piratima, a s vremena na vrijeme posjeti obi\u010dnu djecu iz vanjskog svijeta. Pri\u010da je poznata.<\/p>\n<p align=\"justify\">Re\u017eiju i koreografiju potpisuje Jasminka Petek Krapljan, dramaturgiju Jasmin Novljakovi\u0107, a kostimografiju Igor Dobrani\u0107.<\/p>\n<p align=\"justify\">Ple\u0161u: Ana Kordi\u0107, Barbara Meter, Borna Smol\u010di\u0107, Andrea Engler, Monika Ti\u010dari\u0107, Samanta Jaj\u010dinovi\u0107, Irena Sedi\u0107, Petra Crnkovi\u0107, Iskra Cvitkovi\u0107, Dorotea Juranovi\u0107, Ivana Terzi\u0107, Aletea Rogulja Mart, Karla Hrvoi\u0107, Marta Herge\u0161i\u0107, Ana Zec, Karla Vorkapi\u0107 i Ines Hanzi\u0107.<\/p>\n","protected":false},"excerpt":{"rendered":"<p>13. listopada 2009. u 19 sati Ulaz je besplatan. Baletni studio Doma kulture Sisak. Petar Pan, vragolasti je dje\u010dak koji leti i magijom odbija odrasti. Dje\u010dak je to koji svoje beskona\u010dno djetinjstvo provodi u avanturi na malom otoku u Nedo\u0111iji, kao predvodnik bande \u201eIzgubljeni dje\u010daci&#8221;, me\u0111u vilama i piratima, a s vremena na vrijeme posjeti [&hellip;]<\/p>\n","protected":false},"author":1,"featured_media":0,"comment_status":"closed","ping_status":"closed","sticky":false,"template":"","format":"standard","meta":{"footnotes":""},"categories":[14],"tags":[],"class_list":["post-569","post","type-post","status-publish","format-standard","hentry","category-arhiva"],"_links":{"self":[{"href":"https:\/\/www.pou-novska.hr\/index.php?rest_route=\/wp\/v2\/posts\/569","targetHints":{"allow":["GET"]}}],"collection":[{"href":"https:\/\/www.pou-novska.hr\/index.php?rest_route=\/wp\/v2\/posts"}],"about":[{"href":"https:\/\/www.pou-novska.hr\/index.php?rest_route=\/wp\/v2\/types\/post"}],"author":[{"embeddable":true,"href":"https:\/\/www.pou-novska.hr\/index.php?rest_route=\/wp\/v2\/users\/1"}],"replies":[{"embeddable":true,"href":"https:\/\/www.pou-novska.hr\/index.php?rest_route=%2Fwp%2Fv2%2Fcomments&post=569"}],"version-history":[{"count":13,"href":"https:\/\/www.pou-novska.hr\/index.php?rest_route=\/wp\/v2\/posts\/569\/revisions"}],"predecessor-version":[{"id":575,"href":"https:\/\/www.pou-novska.hr\/index.php?rest_route=\/wp\/v2\/posts\/569\/revisions\/575"}],"wp:attachment":[{"href":"https:\/\/www.pou-novska.hr\/index.php?rest_route=%2Fwp%2Fv2%2Fmedia&parent=569"}],"wp:term":[{"taxonomy":"category","embeddable":true,"href":"https:\/\/www.pou-novska.hr\/index.php?rest_route=%2Fwp%2Fv2%2Fcategories&post=569"},{"taxonomy":"post_tag","embeddable":true,"href":"https:\/\/www.pou-novska.hr\/index.php?rest_route=%2Fwp%2Fv2%2Ftags&post=569"}],"curies":[{"name":"wp","href":"https:\/\/api.w.org\/{rel}","templated":true}]}}